{"id":242,"date":"2013-11-01T12:36:09","date_gmt":"2013-11-01T12:36:09","guid":{"rendered":"http:\/\/silver.stillbild.se\/?p=242"},"modified":"2013-11-01T16:07:06","modified_gmt":"2013-11-01T16:07:06","slug":"en-belgare-till-i-flocken-2","status":"publish","type":"post","link":"https:\/\/silver.stillbild.se\/?p=242","title":{"rendered":"En belgare till i flocken &#8230;&#8230;"},"content":{"rendered":"<p><a href=\"https:\/\/silver.stillbild.se\/wp-content\/uploads\/2013\/11\/ky_2014_laekenois.jpg\"><img loading=\"lazy\" decoding=\"async\" class=\"alignleft size-medium wp-image-243\" alt=\"SilverKari\u00b4s galleri\" src=\"https:\/\/silver.stillbild.se\/wp-content\/uploads\/2013\/11\/ky_2014_laekenois-300x300.jpg\" width=\"300\" height=\"300\" srcset=\"https:\/\/silver.stillbild.se\/wp-content\/uploads\/2013\/11\/ky_2014_laekenois-300x300.jpg 300w, https:\/\/silver.stillbild.se\/wp-content\/uploads\/2013\/11\/ky_2014_laekenois-150x150.jpg 150w, https:\/\/silver.stillbild.se\/wp-content\/uploads\/2013\/11\/ky_2014_laekenois.jpg 500w\" sizes=\"auto, (max-width: 300px) 100vw, 300px\" \/><\/a>&#8230;. Laekenois har funnits med ett tag men inte visat sig h\u00e4r f\u00f6rr\u00e4n nu.<\/p>\n<p>Arbete p\u00e5g\u00e5r med en ny flockmedlem, h\u00e5ll utkik f\u00f6r n\u00e4sta vecka presenterar den sig.<\/p>\n<p>&nbsp;<\/p>\n","protected":false},"excerpt":{"rendered":"<p>&#8230;. Laekenois har funnits med ett tag men inte visat sig h\u00e4r f\u00f6rr\u00e4n nu. Arbete p\u00e5g\u00e5r med en ny flockmedlem, h\u00e5ll utkik f\u00f6r n\u00e4sta vecka presenterar den sig. &nbsp;<\/p>\n","protected":false},"author":1,"featured_media":0,"comment_status":"open","ping_status":"open","sticky":false,"template":"","format":"standard","meta":{"footnotes":""},"categories":[8,22,1],"tags":[],"class_list":["post-242","post","type-post","status-publish","format-standard","hentry","category-belgisk-vallhund","category-laekenois","category-uncategorized"],"_links":{"self":[{"href":"https:\/\/silver.stillbild.se\/index.php?rest_route=\/wp\/v2\/posts\/242","targetHints":{"allow":["GET"]}}],"collection":[{"href":"https:\/\/silver.stillbild.se\/index.php?rest_route=\/wp\/v2\/posts"}],"about":[{"href":"https:\/\/silver.stillbild.se\/index.php?rest_route=\/wp\/v2\/types\/post"}],"author":[{"embeddable":true,"href":"https:\/\/silver.stillbild.se\/index.php?rest_route=\/wp\/v2\/users\/1"}],"replies":[{"embeddable":true,"href":"https:\/\/silver.stillbild.se\/index.php?rest_route=%2Fwp%2Fv2%2Fcomments&post=242"}],"version-history":[{"count":2,"href":"https:\/\/silver.stillbild.se\/index.php?rest_route=\/wp\/v2\/posts\/242\/revisions"}],"predecessor-version":[{"id":246,"href":"https:\/\/silver.stillbild.se\/index.php?rest_route=\/wp\/v2\/posts\/242\/revisions\/246"}],"wp:attachment":[{"href":"https:\/\/silver.stillbild.se\/index.php?rest_route=%2Fwp%2Fv2%2Fmedia&parent=242"}],"wp:term":[{"taxonomy":"category","embeddable":true,"href":"https:\/\/silver.stillbild.se\/index.php?rest_route=%2Fwp%2Fv2%2Fcategories&post=242"},{"taxonomy":"post_tag","embeddable":true,"href":"https:\/\/silver.stillbild.se\/index.php?rest_route=%2Fwp%2Fv2%2Ftags&post=242"}],"curies":[{"name":"wp","href":"https:\/\/api.w.org\/{rel}","templated":true}]}}