{"id":98,"date":"2013-05-25T15:42:08","date_gmt":"2013-05-25T15:42:08","guid":{"rendered":"http:\/\/silver.stillbild.se\/?p=98"},"modified":"2013-05-25T15:42:42","modified_gmt":"2013-05-25T15:42:42","slug":"en-belgare-till-i-flocken","status":"publish","type":"post","link":"https:\/\/silver.stillbild.se\/?p=98","title":{"rendered":"En belgare till i flocken"},"content":{"rendered":"<p><a href=\"https:\/\/silver.stillbild.se\/wp-content\/uploads\/2013\/05\/ky_H0B1780_groenendael.jpg\"><img loading=\"lazy\" decoding=\"async\" class=\"alignleft size-medium wp-image-99\" alt=\"SilverKari\u00b4s silverhundar\" src=\"https:\/\/silver.stillbild.se\/wp-content\/uploads\/2013\/05\/ky_H0B1780_groenendael-300x300.jpg\" width=\"300\" height=\"300\" srcset=\"https:\/\/silver.stillbild.se\/wp-content\/uploads\/2013\/05\/ky_H0B1780_groenendael-300x300.jpg 300w, https:\/\/silver.stillbild.se\/wp-content\/uploads\/2013\/05\/ky_H0B1780_groenendael-150x150.jpg 150w, https:\/\/silver.stillbild.se\/wp-content\/uploads\/2013\/05\/ky_H0B1780_groenendael.jpg 400w\" sizes=\"auto, (max-width: 300px) 100vw, 300px\" \/><\/a>Nu har \u00e4ven Groenendael s\u00e4llat sig till flocken. Fr\u00e5n b\u00f6rjan har den varit t\u00e4nkt som en en l\u00e5ngh\u00e5rsvariant av den Belgiska vallhunden, men det har fallit sig s\u00e5 att groenendael-\u00e4garna har fastnat f\u00f6r den h\u00e4r. Valet \u00e4r ditt, vad du vill se i den!<\/p>\n<p>Gruppen med Belgisk vallhund \u00e4r nu komplett!<\/p>\n","protected":false},"excerpt":{"rendered":"<p>Nu har \u00e4ven Groenendael s\u00e4llat sig till flocken. Fr\u00e5n b\u00f6rjan har den varit t\u00e4nkt som en en l\u00e5ngh\u00e5rsvariant av den Belgiska vallhunden, men det har fallit sig s\u00e5 att groenendael-\u00e4garna har fastnat f\u00f6r den h\u00e4r. Valet \u00e4r ditt, vad du &hellip; <a href=\"https:\/\/silver.stillbild.se\/?p=98\">Continue reading <span class=\"meta-nav\">&rarr;<\/span><\/a><\/p>\n","protected":false},"author":1,"featured_media":0,"comment_status":"open","ping_status":"open","sticky":false,"template":"","format":"standard","meta":{"footnotes":""},"categories":[8,13],"tags":[],"class_list":["post-98","post","type-post","status-publish","format-standard","hentry","category-belgisk-vallhund","category-groenendael"],"_links":{"self":[{"href":"https:\/\/silver.stillbild.se\/index.php?rest_route=\/wp\/v2\/posts\/98","targetHints":{"allow":["GET"]}}],"collection":[{"href":"https:\/\/silver.stillbild.se\/index.php?rest_route=\/wp\/v2\/posts"}],"about":[{"href":"https:\/\/silver.stillbild.se\/index.php?rest_route=\/wp\/v2\/types\/post"}],"author":[{"embeddable":true,"href":"https:\/\/silver.stillbild.se\/index.php?rest_route=\/wp\/v2\/users\/1"}],"replies":[{"embeddable":true,"href":"https:\/\/silver.stillbild.se\/index.php?rest_route=%2Fwp%2Fv2%2Fcomments&post=98"}],"version-history":[{"count":2,"href":"https:\/\/silver.stillbild.se\/index.php?rest_route=\/wp\/v2\/posts\/98\/revisions"}],"predecessor-version":[{"id":101,"href":"https:\/\/silver.stillbild.se\/index.php?rest_route=\/wp\/v2\/posts\/98\/revisions\/101"}],"wp:attachment":[{"href":"https:\/\/silver.stillbild.se\/index.php?rest_route=%2Fwp%2Fv2%2Fmedia&parent=98"}],"wp:term":[{"taxonomy":"category","embeddable":true,"href":"https:\/\/silver.stillbild.se\/index.php?rest_route=%2Fwp%2Fv2%2Fcategories&post=98"},{"taxonomy":"post_tag","embeddable":true,"href":"https:\/\/silver.stillbild.se\/index.php?rest_route=%2Fwp%2Fv2%2Ftags&post=98"}],"curies":[{"name":"wp","href":"https:\/\/api.w.org\/{rel}","templated":true}]}}